[{"@context":"https:\/\/schema.org\/","@type":"Article","@id":"https:\/\/www.caat.cz\/proc-jsou-okna-dulezita\/#Article","mainEntityOfPage":"https:\/\/www.caat.cz\/proc-jsou-okna-dulezita\/","headline":"Pro\u010d jsou okna d\u016fle\u017eit\u00e1","name":"Pro\u010d jsou okna d\u016fle\u017eit\u00e1","description":"V\u0161ichni nejsp\u00ed\u0161 budeme souhlasit s t\u00edm, \u017ee doma bychom se m\u011bli c\u00edtit co nejl\u00e9pe. K tomu ale mimo jin\u00e9 pat\u0159\u00ed tak\u00e9 tepeln\u00fd a sv\u011bteln\u00fd komfort, a\u010d si to p\u0159\u00edli\u0161 neuv\u011bdomujeme. N\u00e1\u0161 cirkadi\u00e1ln\u00ed rytmus je toti\u017e pro na\u0161e zdrav\u00ed d\u016fle\u017eit\u011bj\u0161\u00ed, ne\u017e bychom \u0159ekli. Tento se pak \u0159\u00edd\u00ed p\u0159edev\u0161\u00edm slune\u010dn\u00edm sv\u011btlem, kter\u00e9 v tomto p\u0159\u00edpad\u011b nelze p\u0159\u00edli\u0161&#46;&#46;&#46;","datePublished":"2025-04-06","dateModified":"2025-04-06","author":{"@type":"Person","@id":"https:\/\/www.caat.cz\/author\/devene\/#Person","name":"devene","url":"https:\/\/www.caat.cz\/author\/devene\/","identifier":1,"image":{"@type":"ImageObject","@id":"https:\/\/secure.gravatar.com\/avatar\/7726f7b8e3ba8979c4cf2ad896cb2e8cc05af8ceb17ce4fb40617b72e0be53b4?s=96&d=mm&r=g","url":"https:\/\/secure.gravatar.com\/avatar\/7726f7b8e3ba8979c4cf2ad896cb2e8cc05af8ceb17ce4fb40617b72e0be53b4?s=96&d=mm&r=g","height":96,"width":96}},"publisher":{"@type":"Organization","name":"caat.cz","logo":{"@type":"ImageObject","@id":"\/logo.png","url":"\/logo.png","width":600,"height":60}},"image":{"@type":"ImageObject","@id":"https:\/\/www.caat.cz\/wp-content\/uploads\/okno2_1.jpg","url":"https:\/\/www.caat.cz\/wp-content\/uploads\/okno2_1.jpg","height":0,"width":0},"url":"https:\/\/www.caat.cz\/proc-jsou-okna-dulezita\/","about":["Produkty"],"wordCount":440,"articleBody":"        V\u0161ichni nejsp\u00ed\u0161 budeme souhlasit s t\u00edm, \u017ee doma bychom se m\u011bli c\u00edtit co nejl\u00e9pe. K tomu ale mimo jin\u00e9 pat\u0159\u00ed tak\u00e9 tepeln\u00fd a sv\u011bteln\u00fd komfort, a\u010d si to p\u0159\u00edli\u0161 neuv\u011bdomujeme. N\u00e1\u0161 cirkadi\u00e1ln\u00ed rytmus je toti\u017e pro na\u0161e zdrav\u00ed d\u016fle\u017eit\u011bj\u0161\u00ed, ne\u017e bychom \u0159ekli. Tento se pak \u0159\u00edd\u00ed p\u0159edev\u0161\u00edm slune\u010dn\u00edm sv\u011btlem, kter\u00e9 v tomto p\u0159\u00edpad\u011b nelze p\u0159\u00edli\u0161 dob\u0159e nahradit um\u011bl\u00fdm.Jednou ze z\u00e1kladn\u00edch sou\u010d\u00e1st\u00ed domu, bez kter\u00fdch ani nem\u016f\u017ee b\u00fdt, jsou pak okna. Ta najdeme ve v\u0161ech m\u00edstnostech, mo\u017en\u00e1 s v\u00fdjimkou toalety a koupelny. A a\u010dkoliv na nich m\u00e1me z\u00e1v\u011bsy a z\u00e1clony, obecn\u011b plat\u00ed, \u017ee tyto m\u00e1me b\u011bhem dne rozta\u017een\u00e9. Pova\u017eujeme to v\u0161ak za takovou samoz\u0159ejmost, \u017ee se ani nezam\u00fd\u0161l\u00edme nad t\u00edm, pro\u010d jsou pro n\u00e1s tak d\u016fle\u017eit\u00e1. P\u0159itom pln\u00ed hned n\u011bkolik z\u00e1kladn\u00edch funkc\u00ed.Tou hlavn\u00ed je samoz\u0159ejm\u011b pou\u0161t\u011bn\u00ed slune\u010dn\u00edho sv\u011btla dovnit\u0159 domu. Jak ji\u017e bylo \u0159e\u010deno, toto je nutn\u00e9 pro na\u0161i fyzickou a psychickou pohodu, a ani dnes jej nem\u016f\u017eeme pln\u011b nahradit um\u011bl\u00fdm osv\u011btlen\u00edm. Jedn\u00edm z d\u016fvod\u016f je pak to, \u017ee slune\u010dn\u00ed sv\u011btlo se b\u011bhem dne m\u011bn\u00ed, a to jak co se t\u00fd\u010de \u00fahlu, tak i intenzity. Pr\u00e1v\u011b t\u00edm se \u0159\u00edd\u00ed na\u0161e biologick\u00e9 hodiny. Bez n\u011bj jsou zmaten\u00e9, co\u017e se m\u016f\u017ee projevit i nep\u011bkn\u00fdmi zdravotn\u00edmi n\u00e1sledky.T\u00edm dal\u0161\u00edm, co pro n\u00e1s d\u011bl\u00e1, je p\u0159\u00edsun \u010derstv\u00e9ho vzduchu. Pr\u00e1v\u011b okna jsou toti\u017e zdaleka nej\u010dast\u011bji pou\u017e\u00edv\u00e1na k v\u011btr\u00e1n\u00ed. To je sice leckdy opom\u00edjeno, zvl\u00e1\u0161t\u011b v zim\u011b, av\u0161ak nelze pominout, \u017ee je velmi d\u016fle\u017eit\u00e9. Bez n\u011bj bychom toti\u017e m\u011bli v m\u00edstnosti vyd\u00fdchan\u00fd vzduch, kde je a\u017e p\u0159\u00edli\u0161 vysok\u00fd obsah oxidu uhli\u010dit\u00e9ho. A \u017ee to nen\u00ed nic p\u0159\u00edjemn\u00e9ho, potvrd\u00ed asi ka\u017ed\u00fd, kdo musel str\u00e1vit del\u0161\u00ed dobu v p\u0159epln\u011bn\u00e9 uzav\u0159en\u00e9 m\u00edstnosti.Rozhodn\u011b lze tedy souhlasit s t\u00edm, \u017ee okna jsou na dom\u011b velmi d\u016fle\u017eit\u00e1. Plat\u00ed pak, \u017ee \u010d\u00edm v\u00edce jich je a \u010d\u00edm v\u011bt\u0161\u00ed jsou, t\u00edm sv\u011btlej\u0161\u00ed a p\u0159\u00edv\u011btiv\u011bj\u0161\u00ed vnit\u0159ek domu je. Na to bychom nem\u011bli zapom\u00ednat, zvl\u00e1\u0161t\u011b pokud si chceme sv\u00e9 bydlen\u00ed vyprojektovat sami.                                                                                                                                                                                                                                                                                                                                                                                          4\/5 - (7 votes)        "},{"@context":"https:\/\/schema.org\/","@type":"BreadcrumbList","itemListElement":[{"@type":"ListItem","position":1,"name":"Pro\u010d jsou okna d\u016fle\u017eit\u00e1","item":"https:\/\/www.caat.cz\/proc-jsou-okna-dulezita\/#breadcrumbitem"}]}]