[{"@context":"https:\/\/schema.org\/","@type":"Article","@id":"https:\/\/www.caat.cz\/ozdoba-zen-i-malych-holcicek\/#Article","mainEntityOfPage":"https:\/\/www.caat.cz\/ozdoba-zen-i-malych-holcicek\/","headline":"Ozdoba \u017een i mal\u00fdch hol\u010di\u010dek","name":"Ozdoba \u017een i mal\u00fdch hol\u010di\u010dek","description":"Kr\u00e1sa \u017eeny se pozn\u00e1 u\u017e na d\u00e1lku. Ale \u010d\u00edm j\u00ed je\u0161t\u011b v\u00edc zv\u00fdraznit? \u010c\u00edm pot\u011b\u0161it d\u00edvku u\u017e v \u00fatl\u00e9m v\u011bku a z\u00e1rove\u0148 podtrhnout jej\u00ed n\u011b\u017enost a zranitelnost? \u017d\u00e1dn\u00e1 \u017eena, a\u0165 u\u017e mal\u00e1 nebo velk\u00e1, nepohrdne \u0161perkem. D\u011btsk\u00e9 n\u00e1u\u0161nice jsou nejvhodn\u011bj\u0161\u00edm d\u00e1rkem z \u0159ady \u0161perk\u016f pro mal\u00e9 princezny. Doplnit je m\u016f\u017eete i \u0159et\u00edzkem, ke kter\u00e9mu si&#46;&#46;&#46;","datePublished":"2025-08-29","dateModified":"2025-08-29","author":{"@type":"Person","@id":"https:\/\/www.caat.cz\/author\/devene\/#Person","name":"devene","url":"https:\/\/www.caat.cz\/author\/devene\/","identifier":1,"image":{"@type":"ImageObject","@id":"https:\/\/secure.gravatar.com\/avatar\/7726f7b8e3ba8979c4cf2ad896cb2e8cc05af8ceb17ce4fb40617b72e0be53b4?s=96&d=mm&r=g","url":"https:\/\/secure.gravatar.com\/avatar\/7726f7b8e3ba8979c4cf2ad896cb2e8cc05af8ceb17ce4fb40617b72e0be53b4?s=96&d=mm&r=g","height":96,"width":96}},"publisher":{"@type":"Organization","name":"caat.cz","logo":{"@type":"ImageObject","@id":"\/logo.png","url":"\/logo.png","width":600,"height":60}},"url":"https:\/\/www.caat.cz\/ozdoba-zen-i-malych-holcicek\/","wordCount":191,"articleBody":"Kr\u00e1sa \u017eeny se pozn\u00e1 u\u017e na d\u00e1lku. Ale \u010d\u00edm j\u00ed je\u0161t\u011b v\u00edc zv\u00fdraznit? \u010c\u00edm pot\u011b\u0161it d\u00edvku u\u017e v \u00fatl\u00e9m v\u011bku a z\u00e1rove\u0148 podtrhnout jej\u00ed n\u011b\u017enost a zranitelnost? \u017d\u00e1dn\u00e1 \u017eena, a\u0165 u\u017e mal\u00e1 nebo velk\u00e1, nepohrdne \u0161perkem. D\u011btsk\u00e9 n\u00e1u\u0161nice jsou nejvhodn\u011bj\u0161\u00edm d\u00e1rkem z \u0159ady \u0161perk\u016f pro mal\u00e9 princezny. Doplnit je m\u016f\u017eete i \u0159et\u00edzkem, ke kter\u00e9mu si rovnou vyberete i p\u0159\u00edv\u011b\u0161ek. Z mal\u00e9 princezny se stane velk\u00e1 sle\u010dna. Podpo\u0159te kr\u00e1su u\u017e v \u00fatl\u00e9m v\u011bku Ka\u017ed\u00e1 \u017eena je kr\u00e1sn\u00e1 a ji\u017e od rann\u00edho v\u011bku by m\u011blo b\u00fdt podporov\u00e1no jej\u00ed sebev\u011bdom\u00ed a jedine\u010dnost. Uka\u017ete i va\u0161\u00ed dce\u0159i, \u017ee je n\u00e1dhern\u00e1 a jedine\u010dn\u00e1 a zv\u00fdrazn\u011bte jej\u00ed kr\u00e1su zlat\u00fdm nebo st\u0159\u00edbrn\u00fdm \u0161perkem. D\u011btsk\u00e9 n\u00e1u\u0161nice, \u0159et\u00edzek, \u010di p\u0159\u00edv\u011b\u0161ek j\u00ed zvedne sebev\u011bdom\u00ed a zv\u00fdrazn\u00ed jej\u00ed p\u016fvab a n\u011b\u017enost. V dosp\u011blosti budou tyto \u0161perky hezkou vzpom\u00ednkou a d\u00e1rkem pro jej\u00ed ratolesti.                                                                                                                                                                                                                                                                                                                                                                                                "},{"@context":"https:\/\/schema.org\/","@type":"BreadcrumbList","itemListElement":[{"@type":"ListItem","position":1,"name":"Ozdoba \u017een i mal\u00fdch hol\u010di\u010dek","item":"https:\/\/www.caat.cz\/ozdoba-zen-i-malych-holcicek\/#breadcrumbitem"}]}]