[{"@context":"https:\/\/schema.org\/","@type":"Article","@id":"https:\/\/www.caat.cz\/mobilni-elegantni-dum\/#Article","mainEntityOfPage":"https:\/\/www.caat.cz\/mobilni-elegantni-dum\/","headline":"Mobiln\u00ed elegantn\u00ed d\u016fm","name":"Mobiln\u00ed elegantn\u00ed d\u016fm","description":"Dnes bych v\u00e1m cht\u011bla p\u0159edstavit d\u016fm, kter\u00fd se jmenuje Lavaro House 2 &#8211; Nr.24. Je to mobiln\u00ed d\u016fm, kter\u00fd ale dok\u00e1\u017ee na prvn\u00ed pohled zaujmout. Je cel\u00fd v kr\u00e1sn\u00e9 \u010dokol\u00e1dov\u00e9 barv\u011b, kter\u00e1 v kombinaci se stavbou mobiln\u00edho domu vypad\u00e1 opravdu velice zaj\u00edmav\u011b. Jeho cena je milion devades\u00e1t dev\u011bt tis\u00edc. Je um\u00edst\u011bn\u00fd v Praze. Kdy\u017e do&#46;&#46;&#46;","datePublished":"2022-02-04","dateModified":"2023-05-01","author":{"@type":"Person","@id":"https:\/\/www.caat.cz\/author\/devene\/#Person","name":"devene","url":"https:\/\/www.caat.cz\/author\/devene\/","identifier":1,"image":{"@type":"ImageObject","@id":"https:\/\/secure.gravatar.com\/avatar\/7726f7b8e3ba8979c4cf2ad896cb2e8cc05af8ceb17ce4fb40617b72e0be53b4?s=96&d=mm&r=g","url":"https:\/\/secure.gravatar.com\/avatar\/7726f7b8e3ba8979c4cf2ad896cb2e8cc05af8ceb17ce4fb40617b72e0be53b4?s=96&d=mm&r=g","height":96,"width":96}},"publisher":{"@type":"Organization","name":"caat.cz","logo":{"@type":"ImageObject","@id":"\/logo.png","url":"\/logo.png","width":600,"height":60}},"image":{"@type":"ImageObject","@id":"https:\/\/www.caat.cz\/wp-content\/uploads\/wardrobe-ge8f634fc9_640_1.jpg","url":"https:\/\/www.caat.cz\/wp-content\/uploads\/wardrobe-ge8f634fc9_640_1.jpg","height":0,"width":0},"url":"https:\/\/www.caat.cz\/mobilni-elegantni-dum\/","about":["Vztahy"],"wordCount":398,"articleBody":"        Dnes bych v\u00e1m cht\u011bla p\u0159edstavit d\u016fm, kter\u00fd se jmenuje Lavaro House 2 &#8211; Nr.24. Je to mobiln\u00ed d\u016fm, kter\u00fd ale dok\u00e1\u017ee na prvn\u00ed pohled zaujmout. Je cel\u00fd v kr\u00e1sn\u00e9 \u010dokol\u00e1dov\u00e9 barv\u011b, kter\u00e1 v kombinaci se stavbou mobiln\u00edho domu vypad\u00e1 opravdu velice zaj\u00edmav\u011b. Jeho cena je milion devades\u00e1t dev\u011bt tis\u00edc. Je um\u00edst\u011bn\u00fd v Praze. Kdy\u017e do n\u011bj vejdeme, m\u016f\u017eeme jako prvn\u00ed spat\u0159it m\u00edstnost- kuchyni, kter\u00e1 je za\u0159\u00edzen\u00e1 ve velmi elegantn\u00edm a minimalistick\u00e9m stylu.Kuchy\u0148 je propojena s ob\u00fdvac\u00edm pokojem, cel\u00fd d\u016fm p\u016fsob\u00ed velmi hezk\u00fdm dojmem. Mobiln\u00ed d\u016fm m\u00e1 celkem p\u011bt m\u00edstnost\u00ed: ob\u00fdvac\u00ed pokoj, dva d\u011btsk\u00e9 pokoje, lo\u017enici a druh\u00fd ob\u00fdv\u00e1k. Kdy\u017e vejdeme nahoru po schodech do druh\u00e9ho patra, m\u016f\u017eeme zde spat\u0159it velkou prostornou lo\u017enici s velkou kr\u00e1snou postel\u00ed a nebesy. Z okna je kr\u00e1sn\u00fd v\u00fdhled. Hned vedle dve\u0159\u00ed lo\u017enice je z\u00e1chod za\u0159\u00edzen\u00fd do \u0161edo-b\u00e9\u017eov\u00e9 barvy. Z\u00e1chod je celkem prostorn\u00fd. Kdy\u017e p\u016fjdeme sm\u011brem d\u00e1l, naraz\u00edme na dva d\u011btsk\u00e9 pokoje: zde jsou ubytovan\u00e9 mal\u00e9 d\u011bti: je to pokoj klu\u010di\u010d\u00ed a hol\u010di\u010d\u00ed. V hol\u010di\u010d\u00edm pokoji se m\u016f\u017eeme pokochat pokojem za\u0159\u00edzen\u00fdm do r\u016f\u017eov\u00e9 barvy, v pokoji klu\u010di\u010d\u00edm zase m\u016f\u017eeme spat\u0159it modrou barvu.D\u011btsk\u00e9 pokoje jsou vybaveny v\u0161emo\u017en\u00fdm r\u016fzn\u00fdm n\u00e1bytkem, kter\u00fd p\u016fsob\u00ed velmi dobr\u00fdm dojmem. Jako posledn\u00ed m\u016f\u017eeme zav\u00edtat do druh\u00e9ho ob\u00fdvac\u00edho pokoje, je tak\u00e9 za\u0159\u00edzen v minimalistick\u00e9m stylu a \u0161ed\u00e9 barv\u011b. M\u016f\u017eeme si v\u0161imnout televize, kter\u00e1 v tomto ob\u00fdvac\u00edm pokoji je a d\u00e1le tak\u00e9 n\u00e1dhern\u00e9 prostorn\u00e9 seda\u010dky. Cel\u00fd d\u016fm je velice modern\u011b za\u0159\u00edzen\u00fd a je p\u0159ipraven nov\u00e9mu majiteli. P\u0159ed mobiln\u00edm domem je tak\u00e9 malink\u00e1 terasa, na kter\u00e9 si m\u016f\u017eete odpo\u010dinout a dob\u0159e zrelaxovat. Okolo mobiln\u00edho domu jsou vysazen\u00e9 stromy r\u016fzn\u00e9 v\u00fd\u0161ky a opravdu dod\u00e1vaj\u00ed cel\u00e9mu m\u00edstu je\u0161t\u011b hez\u010d\u00ed dojem, ne\u017e kdyby tam v\u016fbec nebyly. Cel\u00fd byt je za\u0159\u00edzen modern\u011b, modern\u00edm a luxusn\u00edm n\u00e1bytkem, m\u016f\u017eete s ho p\u0159est\u011bhovat na sv\u016fj pozemek.                                                                                                                                                                                                                                                                                                                                                                                          4.1\/5 - (14 votes)        "},{"@context":"https:\/\/schema.org\/","@type":"BreadcrumbList","itemListElement":[{"@type":"ListItem","position":1,"name":"Mobiln\u00ed elegantn\u00ed d\u016fm","item":"https:\/\/www.caat.cz\/mobilni-elegantni-dum\/#breadcrumbitem"}]}]