[{"@context":"https:\/\/schema.org\/","@type":"Article","@id":"https:\/\/www.caat.cz\/amd-ma-padesatku\/#Article","mainEntityOfPage":"https:\/\/www.caat.cz\/amd-ma-padesatku\/","headline":"AMD m\u00e1 pades\u00e1tku","name":"AMD m\u00e1 pades\u00e1tku","description":"Kdo \u017ee to je ten AMD? Pt\u00e1te se. A asi pr\u00e1vem. Nezkoum\u00e1te-li co m\u00e1te v po\u010d\u00edta\u010di, nemus\u00edte ani s touto zkratkou, pota\u017emo v\u00fdrobcem p\u0159ij\u00edt do styku. Tak\u017ee se pod\u00edvejme, co \u017ee to je za\u010d. In\u017een\u00fd\u0159i z Fairchildu se 1. kv\u011btna 1969 rozhodli zalo\u017eit firmuvyr\u00e1b\u011bj\u00edc\u00ed procesory do po\u010d\u00edta\u010d\u016f. Postupn\u011b se p\u0159id\u00e1valy dal\u0161\u00ed sou\u010d\u00e1stky a zhruba p\u0159ed&#46;&#46;&#46;","datePublished":"2025-03-06","dateModified":"2023-05-01","author":{"@type":"Person","@id":"https:\/\/www.caat.cz\/author\/devene\/#Person","name":"devene","url":"https:\/\/www.caat.cz\/author\/devene\/","identifier":1,"image":{"@type":"ImageObject","@id":"https:\/\/secure.gravatar.com\/avatar\/7726f7b8e3ba8979c4cf2ad896cb2e8cc05af8ceb17ce4fb40617b72e0be53b4?s=96&d=mm&r=g","url":"https:\/\/secure.gravatar.com\/avatar\/7726f7b8e3ba8979c4cf2ad896cb2e8cc05af8ceb17ce4fb40617b72e0be53b4?s=96&d=mm&r=g","height":96,"width":96}},"publisher":{"@type":"Organization","name":"caat.cz","logo":{"@type":"ImageObject","@id":"\/logo.png","url":"\/logo.png","width":600,"height":60}},"image":{"@type":"ImageObject","@id":"https:\/\/www.caat.cz\/wp-content\/uploads\/img_a344520_w1955_t1558359543.jpg","url":"https:\/\/www.caat.cz\/wp-content\/uploads\/img_a344520_w1955_t1558359543.jpg","height":0,"width":0},"url":"https:\/\/www.caat.cz\/amd-ma-padesatku\/","wordCount":422,"articleBody":"Kdo \u017ee to je ten AMD? Pt\u00e1te se. A asi pr\u00e1vem. Nezkoum\u00e1te-li co m\u00e1te v po\u010d\u00edta\u010di, nemus\u00edte ani s touto zkratkou, pota\u017emo v\u00fdrobcem p\u0159ij\u00edt do styku. Tak\u017ee se pod\u00edvejme, co \u017ee to je za\u010d.In\u017een\u00fd\u0159i z Fairchildu se 1. kv\u011btna 1969 rozhodli zalo\u017eit firmuvyr\u00e1b\u011bj\u00edc\u00ed procesory do po\u010d\u00edta\u010d\u016f. Postupn\u011b se p\u0159id\u00e1valy dal\u0161\u00ed sou\u010d\u00e1stky a zhruba p\u0159ed t\u0159in\u00e1cti lety se p\u0159idaly i grafick\u00e9 karty.Zkratka AMD je vlastn\u011b z anglick\u00e9ho Advanced Micro Devices, a jak jste zjistili ji\u017e z v\u00fd\u0161e napsan\u00e9ho, m\u00e1 letos tato zkratka narozeniny. A ne, jen tak ledajak\u00e9.Kdybych se nyn\u00ed za\u010dal rozpisovat o klonech K od Intelu, jejich dal\u0161\u00ed soudn\u00ed tahanice, a v\u016fbec celou \u0161\u00edlen\u011b dlouhou historii, pot\u0159eboval bych na to spoustu m\u00edsta a vypr\u00e1v\u011bn\u00ed by bylo del\u0161\u00ed ne\u017e Proustovo \u201eHled\u00e1n\u00ed ztracen\u00e9ho \u010dasu.\u201c* Nav\u00edc by nutn\u011b muselo obsahovat spousty technick\u00fdch v\u011bci\u010dek, a to by nezasv\u011bcen\u00e9ho nebavilo.AMD samoz\u0159ejm\u011b nem\u011blo jen bohat\u00e1 l\u00e9ta, byly zde i p\u00e1dy, ale podle p\u0159\u00edslov\u00ed nez\u00e1le\u017e\u00ed na to kolikr\u00e1t padne\u0161, ale kolikr\u00e1t vstane\u0161, je zde firma st\u00e1le. A \u017ee to byly dosti \u0161kared\u00e9 p\u00e1dy. T\u00edm nem\u00edn\u00edm jen soudn\u00ed procesy s Intelem, ale nap\u0159\u00edklad rok dva tis\u00edce \u0161est a d\u00e1le. Intel toti\u017e v tomto roce p\u0159i\u0161el s novou architekturou sv\u00fdch \u010dip\u016f Conroe, zvan\u00fdmi tak\u00e9 Core. T\u00edm se stal na n\u011bjako dobu jedni\u010dkou na trhu. AMD t\u00edm byli v propadu a za\u010daly pot\u00ed\u017ee. Firma musela sv\u016fj podnik ze\u0161t\u00edhlovat, \u00fapln\u011b ru\u0161it n\u011bkter\u00e9 divize a v neposledn\u00edm p\u0159\u00edpad\u011b i vkl\u00e1dat pen\u00edze do restrukturalizac\u00ed.Kupily se probl\u00e9my, ji\u017e to bylo dosti nahnut\u00e9, ale jak vid\u00edme, firmu to nepolo\u017eilo a je tu st\u00e1le. V sou\u010dasnosti op\u011bt dod\u00e1v\u00e1 na trh spoustu komponent\u016f.Tak\u017ee kdy\u017e n\u011bkde uvid\u00edte naps\u00e1no AMD, ihned budete v\u011bd\u011bt o\u010d kr\u00e1\u010d\u00ed. Pop\u0159ejme jim do dal\u0161\u00edho boje o z\u00e1kazn\u00edka spoustu \u00fasp\u011bch\u016f a doufejme, \u017ee se jim da\u0159it bude. T\u0159eba n\u00e1m pak sv\u00e9 v\u00fdrobky bude prod\u00e1vat levn\u011bji. My bychom tomu byli jen a jen r\u00e1di.*-Nejdel\u0161\u00ed rom\u00e1n na sv\u011bt\u011b. Je uveden i v Guinessov\u011b knize rekord\u016f.                                                                                                                                                                                                                                                                                                                                                                                        4.3\/5 - (14 votes)        "},{"@context":"https:\/\/schema.org\/","@type":"BreadcrumbList","itemListElement":[{"@type":"ListItem","position":1,"name":"AMD m\u00e1 pades\u00e1tku","item":"https:\/\/www.caat.cz\/amd-ma-padesatku\/#breadcrumbitem"}]}]